{"id":66,"date":"2011-04-21T20:29:35","date_gmt":"2011-04-21T20:29:35","guid":{"rendered":"http:\/\/www.uspenie.sk\/web\/?p=66"},"modified":"2011-04-21T20:29:35","modified_gmt":"2011-04-21T20:29:35","slug":"veky-tvrtok-v-katedrale-ke","status":"publish","type":"post","link":"http:\/\/www.uspenie.sk\/web\/?p=66","title":{"rendered":"Ve\u013ek\u00fd \u0161tvrtok v katedr\u00e1le &#8211; KE"},"content":{"rendered":"<p>\u00a0Zop\u00e1r fotiek z liturgie ve\u013ek\u00e9ho \u0161tvrtku v ko\u0161ickej katedr\u00e1le <\/p>\n<p>&nbsp;<\/p>\n<p><img loading=\"lazy\" decoding=\"async\" src=\"http:\/\/www.uspenie.sk\/web\/\/wp-content\/themes\/twentyten\/images\/stories\/vstvrtok.jpg\" border=\"0\" width=\"425\" height=\"284\" align=\"left\" \/><\/p>\n<p>&nbsp;<\/p>\n<p> <img loading=\"lazy\" decoding=\"async\" src=\"http:\/\/www.uspenie.sk\/web\/\/wp-content\/themes\/twentyten\/images\/stories\/vstvrtok2.jpg\" border=\"0\" width=\"416\" height=\"295\" \/><\/p>\n<p><img loading=\"lazy\" decoding=\"async\" src=\"http:\/\/www.uspenie.sk\/web\/\/wp-content\/themes\/twentyten\/images\/stories\/vstvrtok3.jpg\" border=\"0\" width=\"421\" height=\"291\" \/> <\/p>\n<p><img loading=\"lazy\" decoding=\"async\" src=\"http:\/\/www.uspenie.sk\/web\/\/wp-content\/themes\/twentyten\/images\/stories\/vstvrtok4.jpg\" border=\"0\" width=\"422\" height=\"271\" \/> <\/p>\n<p><a href=\"http:\/\/korzar.sme.sk\/c\/5861890\/greckokatolicka-liturgia-na-velky-stvrtok.html\" target=\"_blank\">\u00a0http:\/\/korzar.sme.sk\/c\/5861890\/greckokatolicka-liturgia-na-velky-stvrtok.html <\/a><\/p>\n","protected":false},"excerpt":{"rendered":"<p>\u00a0Zop\u00e1r fotiek z liturgie ve\u013ek\u00e9ho \u0161tvrtku v ko\u0161ickej katedr\u00e1le &nbsp; &nbsp; \u00a0http:\/\/korzar.sme.sk\/c\/5861890\/greckokatolicka-liturgia-na-velky-stvrtok.html<\/p>\n","protected":false},"author":1,"featured_media":0,"comment_status":"open","ping_status":"open","sticky":false,"template":"","format":"standard","meta":{"footnotes":""},"categories":[4],"tags":[],"class_list":["post-66","post","type-post","status-publish","format-standard","hentry","category-co-sa-stalo"],"_links":{"self":[{"href":"http:\/\/www.uspenie.sk\/web\/index.php?rest_route=\/wp\/v2\/posts\/66","targetHints":{"allow":["GET"]}}],"collection":[{"href":"http:\/\/www.uspenie.sk\/web\/index.php?rest_route=\/wp\/v2\/posts"}],"about":[{"href":"http:\/\/www.uspenie.sk\/web\/index.php?rest_route=\/wp\/v2\/types\/post"}],"author":[{"embeddable":true,"href":"http:\/\/www.uspenie.sk\/web\/index.php?rest_route=\/wp\/v2\/users\/1"}],"replies":[{"embeddable":true,"href":"http:\/\/www.uspenie.sk\/web\/index.php?rest_route=%2Fwp%2Fv2%2Fcomments&post=66"}],"version-history":[{"count":0,"href":"http:\/\/www.uspenie.sk\/web\/index.php?rest_route=\/wp\/v2\/posts\/66\/revisions"}],"wp:attachment":[{"href":"http:\/\/www.uspenie.sk\/web\/index.php?rest_route=%2Fwp%2Fv2%2Fmedia&parent=66"}],"wp:term":[{"taxonomy":"category","embeddable":true,"href":"http:\/\/www.uspenie.sk\/web\/index.php?rest_route=%2Fwp%2Fv2%2Fcategories&post=66"},{"taxonomy":"post_tag","embeddable":true,"href":"http:\/\/www.uspenie.sk\/web\/index.php?rest_route=%2Fwp%2Fv2%2Ftags&post=66"}],"curies":[{"name":"wp","href":"https:\/\/api.w.org\/{rel}","templated":true}]}}