{"id":70,"date":"2011-05-19T06:33:14","date_gmt":"2011-05-19T06:33:14","guid":{"rendered":"http:\/\/www.uspenie.sk\/web\/?p=70"},"modified":"2011-05-19T06:33:14","modified_gmt":"2011-05-19T06:33:14","slug":"ku-ktoremu-katolickemu-obradu-patrim","status":"publish","type":"post","link":"http:\/\/www.uspenie.sk\/web\/?p=70","title":{"rendered":"Ku ktor\u00e9mu katol\u00edckemu obradu patr\u00edm?"},"content":{"rendered":"<p align=\"JUSTIFY\"><font color=\"#000000\">\u00a0\u00a0\u00a0\u00a0\u00a0\u00a0\u00a0 V be\u017enom kres\u0165anskom \u017eivote, ale najm\u00e4 v spolo\u010densk\u00fdch oznamovac\u00edch prostriedkoch, doch\u00e1dza niekedy k \u00fapln\u00e9mu stoto\u017e\u0148ovaniu katol\u00edckej Cirkvi s r\u00edmskokatol\u00edckou cirkvou &#8211; po\u010dujeme napr\u00edklad, \u017ee Sv\u00e4t\u00fd otec J\u00e1n Pavol II. je vidite\u013enou hlavou r\u00edmskokatol\u00edckej cirkvi. Ako v\u0161ak vieme, sv\u00e4t\u00e1 Cirkev sa sklad\u00e1 z viacer\u00fdch obradov. Katol\u00edci, ktor\u00ed patria k latinsk\u00e9mu obradu, naz\u00fdvaj\u00fa sa u n\u00e1s r\u00edmskokatol\u00edkmi. Existuj\u00fa v\u0161ak aj katol\u00edci s\u00fdrskeho, maronitsk\u00e9ho, koptsk\u00e9ho, eti\u00f3pskeho, arm\u00e9nskeho, chaldejsk\u00e9ho, as\u00fdrskeho, malabarsk\u00e9ho a gr\u00e9cko-slovansk\u00e9ho (byzantsk\u00e9ho) obradu. Ak sa teda chceme vyjadrova\u0165 presne a spr\u00e1vne, Sv\u00e4t\u00fd otec je vidite\u013enou hlavou katol\u00edckej Cirkvi, nielen r\u00edmskokatol\u00edckej cirkvi.<\/font><\/p>\n<hr class=\"caption\" width=\"100%\" size=\"2\" \/>\n<p><font color=\"#000000\"><br \/><\/font><\/p>\n<p align=\"JUSTIFY\"><font color=\"#000000\">\u00a0\u00a0\u00a0\u00a0\u00a0\u00a0\u00a0 Treba vedie\u0165, \u017ee pokia\u013e ide o Slovensk\u00fa republiku, preva\u017en\u00e1 v\u00e4\u010d\u0161ina katol\u00edkov patr\u00ed k latinsk\u00e9mu obradu, teda do r\u00edmskokatol\u00edckej cirkvi, ale ist\u00e1 \u010das\u0165 katol\u00edkov patr\u00ed aj k obradu byzantsk\u00e9mu, teda do gr\u00e9ckokatol\u00edckej cirkvi. Uveden\u00e9 kon\u0161tatovanie v n\u00e1s celkom opr\u00e1vnene vyvol\u00e1va ot\u00e1zku, ak\u00e9 s\u00fa cirkevn\u00e9 z\u00e1kony, pod\u013ea ktor\u00fdch sa stanovuje, ku ktor\u00e9mu obradu katol\u00edk patr\u00ed, ktor\u00fd obrad m\u00e1 praktizova\u0165 vo svojom \u017eivote. Ke\u010f\u017ee v tejto oblasti panuje medzi veriacimi \u013eu\u010fmi ve\u013ea nejasnost\u00ed, bude dobre, ak si predmetn\u00e9 z\u00e1kony stru\u010dne predstav\u00edme.<\/font><\/p>\n<p>&nbsp;<\/p>\n<p align=\"JUSTIFY\"><font color=\"#000000\">\u00a0\u00a0\u00a0\u00a0\u00a0\u00a0\u00a0 K\u00e1nonick\u00e9 pr\u00e1vo stanovuje, \u017ee ak ide o \u010dloveka, ktor\u00fd bol pokrsten\u00fd pred dov\u0155\u0161en\u00edm \u0161trn\u00e1steho roka svojho \u017eivota, patr\u00ed k tomu obradu, ku ktor\u00e9mu patr\u00ed jeho katol\u00edcky otec. Ak je teda m\u00f4j otec r\u00edmskokatol\u00edk, aj ja som r\u00edmskokatol\u00edk; ak je m\u00f4j otec gr\u00e9ckokatol\u00edk, aj ja som gr\u00e9ckokatol\u00edk. Treba poznamena\u0165, \u017ee ani dlhodob\u00e9 prij\u00edmanie sviatost\u00ed v nejakej inej obradovej cirkvi neprin\u00e1\u0161a so sebou zaradenie do nej. Z tohto h\u013eadiska teda nez\u00e1le\u017e\u00ed na tom, \u010di som bol pokrsten\u00fd a pobirmovan\u00fd v r\u00edmskokatol\u00edckom alebo gr\u00e9ckokatol\u00edckom kostole &#8211; rozhoduj\u00faca je v\u00fdlu\u010dne obradov\u00e1 pr\u00edslu\u0161nos\u0165 m\u00f4jho katol\u00edckeho otca.<\/font><\/p>\n<p>&nbsp;<\/p>\n<p align=\"JUSTIFY\"><font color=\"#000000\">\u00a0\u00a0\u00a0\u00a0\u00a0\u00a0\u00a0 Existuj\u00fa v\u0161ak aj \u0161pecifick\u00e9 pr\u00edpady: Die\u0165a, ktor\u00e9ho otec nie je katol\u00edk, alebo die\u0165a nevydatej matky, sa krstom zara\u010fuje do obradovej cirkvi svojej matky. Die\u0165a nezn\u00e1mych rodi\u010dov sa krstom zara\u010fuje do obradovej cirkvi toho, komu bolo z\u00e1konne zveren\u00e9. Die\u0165a adopt\u00edvnych rodi\u010dov sa krstom zara\u010fuje do obradovej cirkvi svojho adopt\u00edvneho katol\u00edckeho otca, akoby to bol jeho fyzick\u00fd otec &#8211; presne pod\u013ea vy\u0161\u0161ie uveden\u00fdch noriem. Die\u0165a nepokrsten\u00fdch rodi\u010dov sa krstom st\u00e1va \u010dlenom obradovej cirkvi toho, kto je zodpovedn\u00fd za jeho v\u00fdchovu v katol\u00edckej viere. \u010clovek, ktor\u00fd u\u017e bol platne pokrsten\u00fd, ale teraz vstupuje do pln\u00e9ho spolo\u010denstva s katol\u00edckou Cirkvou, mus\u00ed si zachova\u0165 svoju obradov\u00fa pr\u00edslu\u0161nos\u0165. Pravosl\u00e1vny kres\u0165an sa teda vstupom do katol\u00edckej Cirkvi automaticky st\u00e1va \u010dlenom Gr\u00e9ckokatol\u00edckej cirkvi &#8211; v\u00fdnimku m\u00f4\u017ee udeli\u0165 jedine r\u00edmska Apo\u0161tolsk\u00e1 stolica.<\/font><\/p>\n<p>&nbsp;<\/p>\n<p align=\"JUSTIFY\"><font color=\"#000000\">\u00a0\u00a0\u00a0\u00a0\u00a0\u00a0\u00a0 Ak ide o \u010dloveka, ktor\u00fd bol pokrsten\u00fd po dov\u0155\u0161en\u00ed \u0161trn\u00e1steho roka svojho \u017eivota, zara\u010fuje sa do obradovej cirkvi, ktor\u00fa si s\u00e1m vybral pre prijatie krstu &#8211; obradov\u00e1 pr\u00edslu\u0161nos\u0165 jeho otca alebo matky nem\u00e1 v tomto pr\u00edpade nijak\u00fd vplyv.<\/font><\/p>\n<p>&nbsp;<\/p>\n<p align=\"JUSTIFY\"><font color=\"#000000\">\u00a0\u00a0\u00a0\u00a0\u00a0\u00a0\u00a0 Mo\u017eno si polo\u017e\u00edte ot\u00e1zku, \u010di existuje sp\u00f4sob, ako zmeni\u0165 svoju obradov\u00fa pr\u00edslu\u0161nos\u0165. Vo v\u0161eobecnosti plat\u00ed z\u00e1sada, \u017ee katol\u00edcka Cirkev si zmenu obradovej pr\u00edslu\u0161nosti svojich \u010dlenov ne\u017eel\u00e1, preto ju m\u00f4\u017ee povoli\u0165 jedine r\u00edmska Apo\u0161tolsk\u00e1 stolica &#8211; bez jej v\u00fdslovn\u00e9ho p\u00edsomn\u00e9ho s\u00fahlasu je neplatn\u00e1. V\u00fdnimky z tohto pravidla mo\u017eno zhrn\u00fa\u0165 do \u0161tyroch bodov:<\/font><\/p>\n<p>&nbsp;<\/p>\n<blockquote>\n<p>&nbsp;<\/p>\n<p align=\"JUSTIFY\"><font color=\"#000000\"><strong>a)<\/strong> R\u00edmskokatol\u00edcka   man\u017eelsk\u00e1 str\u00e1nka &#8211; tak mu\u017e ako \u017eena &#8211; m\u00f4\u017ee pri uzatv\u00e1ran\u00ed man\u017eelstva   alebo po\u010das jeho trvania prija\u0165 obrad svojho gr\u00e9ckokatol\u00edckeho man\u017eelsk\u00e9ho   partnera. Po skon\u010den\u00ed man\u017eelstva sa m\u00f4\u017ee slobodne vr\u00e1ti\u0165 do r\u00edmskokatol\u00edckej   cirkvi.<br \/><strong>b)<\/strong><\/font>   <font color=\"#000000\">   Gr\u00e9ckokatol\u00edcka \u017eena m\u00f4\u017ee pri uzatv\u00e1ran\u00ed man\u017eelstva alebo po\u010das jeho   trvania prija\u0165 obrad svojho r\u00edmskokatol\u00edckeho mu\u017ea (pre gr\u00e9ckokatol\u00edckeho   mu\u017ea a r\u00edmskokatol\u00edcku \u017eenu to neplat\u00ed). Po skon\u010den\u00ed man\u017eelstva sa m\u00f4\u017ee   slobodne vr\u00e1ti\u0165 do gr\u00e9ckokatol\u00edckej cirkvi.<br \/><strong>c)<\/strong><\/font>   <font color=\"#000000\">   R\u00edmskokatol\u00edk m\u00f4\u017ee prejs\u0165 do gr\u00e9ckokatol\u00edckej cirkvi, ak sa biskupstv\u00e1   t\u00fdchto cirkv\u00ed \u00fazemne prekr\u00fdvaj\u00fa a obidvaja dotknut\u00ed biskupi s t\u00fdm p\u00edsomne   s\u00fahlasia (pod\u013ea v\u0161etk\u00e9ho ani v tomto pr\u00edpade to neplat\u00ed pre gr\u00e9ckokatol\u00edka   a jeho prestup do r\u00edmskokatol\u00edckej cirkvi).<br \/><strong>d)<\/strong><\/font>   <font color=\"#000000\">   Die\u0165a rodi\u010dov, ktor\u00ed patria do rozli\u010dnej obradovej cirkvi, sa m\u00f4\u017ee   krstom zaradi\u0165 do obradovej cirkvi svojej matky, ak obidvaja rodi\u010dia o to   zhodnou v\u00f4\u013eou v\u00fdslovne \u017eiadaj\u00fa. Uveden\u00e1 \u017eiados\u0165 rodi\u010dov mus\u00ed by\u0165   otvorene deklarovan\u00e1 a uveden\u00e1 medzi pozn\u00e1mkami v pr\u00edslu\u0161n\u00fdch cirkevn\u00fdch   matrik\u00e1ch, inak je neplatn\u00e1 &#8211; nesta\u010d\u00ed samo pokrstenie die\u0165a\u0165a v matkinej   obradovej cirkvi. T\u00fdmto sp\u00f4sobom nie je mo\u017en\u00e9 zaradi\u0165 do gr\u00e9ckokatol\u00edckej   cirkvi die\u0165a dvoch r\u00edmskokatol\u00edkov alebo do r\u00edmskokatol\u00edckej cirkvi die\u0165a   dvoch gr\u00e9ckokatol\u00edkov.<\/font><\/p>\n<p>&nbsp;<\/p>\n<\/blockquote>\n<p>&nbsp;<\/p>\n<p align=\"JUSTIFY\"><font color=\"#000000\">\u00a0\u00a0\u00a0\u00a0\u00a0\u00a0\u00a0 Ak obidvaja rodi\u010dia, alebo v pr\u00edpade mie\u0161an\u00e9ho man\u017eelstva (teda man\u017eelstva medzi katol\u00edkom a pokrsten\u00fdm nekatol\u00edkom) katol\u00edcka str\u00e1nka, prech\u00e1dzaj\u00fa do inej obradovej cirkvi, spolu s nimi automaticky prech\u00e1dzaj\u00fa do nej aj ich deti, ktor\u00e9 e\u0161te nedov\u0155\u0161ili \u0161trn\u00e1sty rok svojho \u017eivota. Ak v man\u017eelstve medzi dvoma katol\u00edkmi prech\u00e1dza do inej obradovej cirkvi iba jedna str\u00e1nka, deti do nej prech\u00e1dzaj\u00fa iba vtedy, ak s t\u00fdm s\u00fahlasia obidvaja rodi\u010dia. Po dov\u0155\u0161en\u00ed \u0161trn\u00e1steho roku \u017eivota sa deti m\u00f4\u017eu slobodne vr\u00e1ti\u0165 do svojej p\u00f4vodnej obradovej cirkvi.<\/font><\/p>\n<p>&nbsp;<\/p>\n<p align=\"JUSTIFY\"><font color=\"#000000\">\u00a0\u00a0\u00a0\u00a0\u00a0\u00a0\u00a0 V tejto s\u00favislosti treba pouk\u00e1za\u0165 na nieko\u013eko historick\u00fdch skuto\u010dnost\u00ed. Totalitn\u00fd komunistick\u00fd re\u017eim v roku 1950 vyhl\u00e1sil gr\u00e9ckokatol\u00edcku cirkev na Slovensku za zru\u0161en\u00fa. Hoci s\u00fa gr\u00e9ckokatol\u00edci zn\u00e1mi svojou l\u00e1skou k vlastn\u00e9mu obradu, napriek opa\u010dn\u00e9mu tlaku zo strany \u0161t\u00e1tu sa preva\u017en\u00e1 v\u00e4\u010d\u0161ina z nich na priame pob\u00e1danie otca biskupa Petra Pavla Gojdi\u010da rozhodla \u017ei\u0165 do\u010dasne rad\u0161ej v r\u00edmskokatol\u00edckej cirkvi ako v cirkvi pravosl\u00e1vnej. Viac im toti\u017e z\u00e1le\u017ealo na katol\u00edckej viere a na vernosti Sv\u00e4t\u00e9mu otcovi, ako na mo\u017enosti praktizova\u0165 vlastn\u00fd obrad. Z uveden\u00e9ho d\u00f4vodu d\u00e1vali gr\u00e9ckokatol\u00edci po\u010das mnoh\u00fdch rokov, ba desa\u0165ro\u010d\u00ed, krsti\u0165 a birmova\u0165 svoje deti v r\u00edmskokatol\u00edckej cirkvi; v nej sa sob\u00e1\u0161ili, v nej prij\u00edmali eucharistiu, v nej sa spovedali. Mnoh\u00ed sa preto domnievaj\u00fa, \u017ee sa takto stali r\u00edmskokatol\u00edkmi, alebo \u017ee sa takto stali r\u00edmskokatol\u00edkmi aspo\u0148 ich deti. Treba poveda\u0165, \u017ee toto presved\u010denie je myln\u00e9 a v\u0161etci katol\u00edci, ktor\u00fdch otec je gr\u00e9ckokatol\u00edk, s\u00fa na\u010falej gr\u00e9ckokatol\u00edkmi &#8211; pod\u013ea pravidiel, ktor\u00e9 sme uviedli vy\u0161\u0161ie.<\/font><\/p>\n<p>&nbsp;<\/p>\n<p align=\"JUSTIFY\"><font color=\"#000000\">\u00a0\u00a0\u00a0\u00a0\u00a0\u00a0\u00a0 Ke\u010f\u017ee v\u0161etky katol\u00edcke obrady s\u00fa si rovn\u00e9, ka\u017ed\u00fd by mal praktizova\u0165 kres\u0165ansk\u00fd \u017eivot vo vlastnej obradovej cirkvi pod\u013ea k\u00e1nonick\u00e9ho pr\u00e1va. Pochopite\u013ene, nemus\u00ed by\u0165 pre \u010dloveka \u013eahk\u00e9 po mnoh\u00fdch rokoch zisti\u0165, \u017ee patr\u00ed k inej obradovej cirkvi, ako si doteraz v dobrej viere myslel. E\u0161te n\u00e1ro\u010dnej\u0161ie m\u00f4\u017ee by\u0165 pre\u0148ho pochopi\u0165 svoj vlastn\u00fd obrad a za\u010da\u0165 ho praktizova\u0165 v ka\u017edodennom \u017eivote. Treba v\u0161ak pam\u00e4ta\u0165 na \u017eelanie katol\u00edckej Cirkvi, ktor\u00e9 nach\u00e1dza svoje vyjadrenie v predpisoch k\u00e1nonick\u00e9ho pr\u00e1va, a ktor\u00e9 neraz prezentoval aj s\u00fa\u010dasn\u00fd Sv\u00e4t\u00fd otec J\u00e1n Pavol II. Ak sa rozhodneme plni\u0165 Bo\u017eiu v\u00f4\u013eu, P\u00e1n n\u00e1s ur\u010dite nenech\u00e1 bez pomoci, ale d\u00e1 n\u00e1m spozna\u0165 ve\u013ek\u00e9 mno\u017estvo nov\u00fdch vec\u00ed, ktor\u00e9 n\u00e1s naplnia ne\u010dakanou rados\u0165ou. Navy\u0161e, zachovanie a rozv\u00edjaniu vlastn\u00e9ho obradu je na\u0161a mor\u00e1lna povinnos\u0165 vo\u010di na\u0161im otcom a dedom, ktor\u00ed za vernos\u0165 katol\u00edckej Cirkvi neraz obetovali vlastn\u00fd \u017eivot. Nebolo by spravodliv\u00e9 a spr\u00e1vne, keby gr\u00e9ckokatol\u00edka cirkev na svoju vernos\u0165 R\u00edmu v kone\u010dnom d\u00f4sledku doplatila \u00fabytkom veriacich. A nebojme sa vyzna\u0165 svoju katol\u00edcku obradov\u00fa pr\u00edslu\u0161nos\u0165 ani pri s\u010d\u00edtan\u00ed \u013eudu, domov a bytov, ktor\u00e9 sa uskuto\u010dn\u00ed v m\u00e1ji tohto roka, no s vierou volajme: \u201eDedi\u010dstvo otcov zachovaj n\u00e1m, Pane!\u201d<\/font><\/p>\n<p>&nbsp;<\/p>\n<p align=\"right\"><font color=\"#000000\">Mgr. Marcel Gajdo\u0161<\/font><\/p>\n","protected":false},"excerpt":{"rendered":"<p>\u00a0\u00a0\u00a0\u00a0\u00a0\u00a0\u00a0 V be\u017enom kres\u0165anskom \u017eivote, ale najm\u00e4 v spolo\u010densk\u00fdch oznamovac\u00edch prostriedkoch, doch\u00e1dza niekedy k \u00fapln\u00e9mu stoto\u017e\u0148ovaniu katol\u00edckej Cirkvi s r\u00edmskokatol\u00edckou cirkvou &#8211; po\u010dujeme napr\u00edklad, \u017ee Sv\u00e4t\u00fd otec J\u00e1n Pavol II. je vidite\u013enou hlavou r\u00edmskokatol\u00edckej cirkvi. Ako v\u0161ak vieme, sv\u00e4t\u00e1 Cirkev &hellip; <a class=\"more-link\" href=\"http:\/\/www.uspenie.sk\/web\/?p=70\">\u010c\u00edtaj \u010falej&#8230;<\/a><\/p>\n","protected":false},"author":1,"featured_media":0,"comment_status":"open","ping_status":"open","sticky":false,"template":"","format":"standard","meta":{"footnotes":""},"categories":[4],"tags":[],"class_list":["post-70","post","type-post","status-publish","format-standard","hentry","category-co-sa-stalo"],"_links":{"self":[{"href":"http:\/\/www.uspenie.sk\/web\/index.php?rest_route=\/wp\/v2\/posts\/70","targetHints":{"allow":["GET"]}}],"collection":[{"href":"http:\/\/www.uspenie.sk\/web\/index.php?rest_route=\/wp\/v2\/posts"}],"about":[{"href":"http:\/\/www.uspenie.sk\/web\/index.php?rest_route=\/wp\/v2\/types\/post"}],"author":[{"embeddable":true,"href":"http:\/\/www.uspenie.sk\/web\/index.php?rest_route=\/wp\/v2\/users\/1"}],"replies":[{"embeddable":true,"href":"http:\/\/www.uspenie.sk\/web\/index.php?rest_route=%2Fwp%2Fv2%2Fcomments&post=70"}],"version-history":[{"count":0,"href":"http:\/\/www.uspenie.sk\/web\/index.php?rest_route=\/wp\/v2\/posts\/70\/revisions"}],"wp:attachment":[{"href":"http:\/\/www.uspenie.sk\/web\/index.php?rest_route=%2Fwp%2Fv2%2Fmedia&parent=70"}],"wp:term":[{"taxonomy":"category","embeddable":true,"href":"http:\/\/www.uspenie.sk\/web\/index.php?rest_route=%2Fwp%2Fv2%2Fcategories&post=70"},{"taxonomy":"post_tag","embeddable":true,"href":"http:\/\/www.uspenie.sk\/web\/index.php?rest_route=%2Fwp%2Fv2%2Ftags&post=70"}],"curies":[{"name":"wp","href":"https:\/\/api.w.org\/{rel}","templated":true}]}}