{"id":752,"date":"2020-03-24T16:16:33","date_gmt":"2020-03-24T15:16:33","guid":{"rendered":"http:\/\/www.uspenie.sk\/web\/?p=752"},"modified":"2020-03-24T16:24:55","modified_gmt":"2020-03-24T15:24:55","slug":"intronizacia-bozieho-slova-v-rodinach","status":"publish","type":"post","link":"http:\/\/www.uspenie.sk\/web\/?p=752","title":{"rendered":"INTRONIZ\u00c1CIA BO\u017dIEHO SLOVA V RODIN\u00c1CH"},"content":{"rendered":"<p>Bratia k\u0148azi, drah\u00ed veriaci,<\/p>\n<p>Sv\u00e4t\u00fd Otec Franti\u0161ek apo\u0161tolsk\u00fdm listom vo forme motu proprio s n\u00e1zvom Aperuit illis zo d\u0148a 30.9.2019 ustanovil \u201eNede\u013eu Bo\u017eieho slova\u201c. Prezident Biblickej feder\u00e1cie, filip\u00ednsky kardin\u00e1l Luis Antonio Gokim Tagle navrhol, aby sa od Prvej adventnej nedele v r. 2019 a\u017e do sviatku sv. Hieronyma (30. septembra. 2020) v jednotliv\u00fdch krajin\u00e1ch sl\u00e1vil Rok Bo\u017eieho slova a Konferencia biskupov Slovenska tento n\u00e1vrh prijala. V Ko\u0161ickej eparchii sme sa rozhodli na sviatok Zvestovania Presv\u00e4tej Bohorodi\u010dke o vtelen\u00ed Bo\u017eieho Slova vykona\u0165 obrad introniz\u00e1cie Bo\u017eieho Slova v na\u0161ich rodin\u00e1ch.<\/p>\n<p>Nako\u013eko sa Bo\u017e\u00ed \u013eud v t\u00fdchto d\u0148och pre svetov\u00fa pand\u00e9miu nestret\u00e1va v chr\u00e1me, chceme v\u00e1s poprosi\u0165, aby ste vo svojich rodin\u00e1ch \u201eintronizovali\u201c Bo\u017eie Slovo. Je to pr\u00edle\u017eitos\u0165ou pre zv\u00fdraznenie skuto\u010dnosti, \u017ee na\u0161e rodiny sa v tomto \u010dase m\u00f4\u017eu a maj\u00fa sta\u0165 miestom zvl\u00e1\u0161tnej Bo\u017eej pr\u00edtomnosti.<\/p>\n<p>Jej vonkaj\u0161\u00edm vyjadren\u00edm, okrem spolo\u010dnej modlitby, m\u00f4\u017ee by\u0165 na \u010destnom mieste v dom\u00e1cnosti ulo\u017een\u00fd Kristov kr\u00ed\u017e \u010di ikona Krista alebo Bohorodi\u010dky a kniha Sv\u00e4t\u00e9ho P\u00edsma, z ktorej si \u010dlenovia rodiny pravidelne \u010d\u00edtaj\u00fa.<\/p>\n<p>V tomto roku Bo\u017eieho Slova je potrebn\u00e9 znovu vr\u00e1ti\u0165 patri\u010dn\u00fa \u00factu tomu, ktor\u00fd m\u00f4\u017ee v Slove preb\u00fdva\u0165 v na\u0161ich domovoch rovnako, ako preb\u00fdva v Eucharistii v na\u0161ich chr\u00e1moch.<\/p>\n<p>\u010eakujeme za pochopenie tohto n\u00e1\u0161ho \u00famyslu v \u010dase, kedy s\u00fa na\u0161e chr\u00e1my zatvoren\u00e9. Pova\u017eujeme za nesmierne d\u00f4le\u017eit\u00e9, aby sa \u00facta k Eucharistii a Bo\u017eiemu Slovu preniesla do na\u0161ich domovov a rod\u00edn.<\/p>\n<p>vladyka Milan Chautur CSsR &#8211; eparchi\u00e1lny biskup<\/p>\n<p>vladyka Cyril Vasi\u013e SJ &#8211; apo\u0161tolsk\u00fd administr\u00e1tor<\/p>\n<p><a href=\"http:\/\/grkatke.sk\/aktualita\/2020-03-24-144617-intronizacia-bozieho-slova-v-rodinach\">http:\/\/grkatke.sk\/aktualita\/2020-03-24-144617-intronizacia-bozieho-slova-v-rodinach<\/a><\/p>\n<p><a href=\"https:\/\/drive.google.com\/open?id=1fMtOX2UfLnyHMWEcXnQkxQPzZ8Pq1avV\" target=\"_blank\" rel=\"noopener noreferrer\"><u><strong><\/strong><\/u><\/a><\/p>\n","protected":false},"excerpt":{"rendered":"<p>Bratia k\u0148azi, drah\u00ed veriaci, Sv\u00e4t\u00fd Otec Franti\u0161ek apo\u0161tolsk\u00fdm listom vo forme motu proprio s n\u00e1zvom Aperuit illis zo d\u0148a 30.9.2019 ustanovil \u201eNede\u013eu Bo\u017eieho slova\u201c. Prezident Biblickej feder\u00e1cie, filip\u00ednsky kardin\u00e1l Luis Antonio Gokim Tagle navrhol, aby sa od Prvej adventnej nedele &hellip; <a class=\"more-link\" href=\"http:\/\/www.uspenie.sk\/web\/?p=752\">\u010c\u00edtaj \u010falej&#8230;<\/a><\/p>\n","protected":false},"author":1,"featured_media":0,"comment_status":"closed","ping_status":"closed","sticky":false,"template":"","format":"standard","meta":{"footnotes":""},"categories":[4],"tags":[],"class_list":["post-752","post","type-post","status-publish","format-standard","hentry","category-co-sa-stalo"],"_links":{"self":[{"href":"http:\/\/www.uspenie.sk\/web\/index.php?rest_route=\/wp\/v2\/posts\/752","targetHints":{"allow":["GET"]}}],"collection":[{"href":"http:\/\/www.uspenie.sk\/web\/index.php?rest_route=\/wp\/v2\/posts"}],"about":[{"href":"http:\/\/www.uspenie.sk\/web\/index.php?rest_route=\/wp\/v2\/types\/post"}],"author":[{"embeddable":true,"href":"http:\/\/www.uspenie.sk\/web\/index.php?rest_route=\/wp\/v2\/users\/1"}],"replies":[{"embeddable":true,"href":"http:\/\/www.uspenie.sk\/web\/index.php?rest_route=%2Fwp%2Fv2%2Fcomments&post=752"}],"version-history":[{"count":2,"href":"http:\/\/www.uspenie.sk\/web\/index.php?rest_route=\/wp\/v2\/posts\/752\/revisions"}],"predecessor-version":[{"id":757,"href":"http:\/\/www.uspenie.sk\/web\/index.php?rest_route=\/wp\/v2\/posts\/752\/revisions\/757"}],"wp:attachment":[{"href":"http:\/\/www.uspenie.sk\/web\/index.php?rest_route=%2Fwp%2Fv2%2Fmedia&parent=752"}],"wp:term":[{"taxonomy":"category","embeddable":true,"href":"http:\/\/www.uspenie.sk\/web\/index.php?rest_route=%2Fwp%2Fv2%2Fcategories&post=752"},{"taxonomy":"post_tag","embeddable":true,"href":"http:\/\/www.uspenie.sk\/web\/index.php?rest_route=%2Fwp%2Fv2%2Ftags&post=752"}],"curies":[{"name":"wp","href":"https:\/\/api.w.org\/{rel}","templated":true}]}}