{"id":758,"date":"2020-03-25T13:49:03","date_gmt":"2020-03-25T12:49:03","guid":{"rendered":"http:\/\/www.uspenie.sk\/web\/?p=758"},"modified":"2020-03-25T13:49:03","modified_gmt":"2020-03-25T12:49:03","slug":"cirkev-umoznila-ziskanie-odpustkov-v-urgentnych-pripadoch-epidemie","status":"publish","type":"post","link":"http:\/\/www.uspenie.sk\/web\/?p=758","title":{"rendered":"Cirkev umo\u017enila z\u00edskanie odpustkov v urgentn\u00fdch pr\u00edpadoch epid\u00e9mie"},"content":{"rendered":"<p>Vatik\u00e1n 20. febru\u00e1ra (RV) Apo\u0161tolsk\u00e1 penitenci\u00e1ria v piatok 20. marca vydala dekr\u00e9t, ktor\u00fdm Cirkev umo\u017e\u0148uje z\u00edskanie plnomocn\u00fdch odpustkov \u013eu\u010fom nakazen\u00fdm koronav\u00edrusom, t\u00fdm, ktor\u00ed ich o\u0161etruj\u00fa, ako aj v\u0161etk\u00fdm veriacim na svete, ktor\u00ed sa za nich modlia. Dnes bola z\u00e1rove\u0148 vydan\u00e1 i n\u00f3ta, ktor\u00e1 pripom\u00edna, \u017ee v extr\u00e9mnych situ\u00e1ci\u00e1ch je mo\u017en\u00e9 udeli\u0165 i hromadn\u00e9 rozhre\u0161enie.<\/p>\n<p>Dekr\u00e9t podp\u00edsal hlavn\u00fd penitenci\u00e1r kardin\u00e1l Mauro Piacenza a regens Mons. Krzysztof Nykiel. T\u00ed najviac ohrozen\u00ed m\u00f4\u017eu z\u00edska\u0165 plnomocn\u00e9 odpustky u\u017e po modlitbe Kr\u00e9da, Ot\u010den\u00e1\u0161a a Zdravasu v spojen\u00ed s t\u00fa\u017ebou po splnen\u00ed obvykl\u00fdch podmienok z\u00edskania odpustkov hne\u010f ako to len bude mo\u017en\u00e9. T\u00fdka sa to chor\u00fdch na koronav\u00edrus, os\u00f4b, ktor\u00fdm lek\u00e1r nariadil karant\u00e9nny re\u017eim, ako aj zdravotn\u00edckych pracovn\u00edkov a rodinn\u00fdch pr\u00edslu\u0161n\u00edkov, ktor\u00ed riskuj\u00fa svoj \u017eivot t\u00fdm, \u017ee sa staraj\u00fa o chor\u00fdch na Covid-19.<\/p>\n<p>Ostatn\u00ed si pre z\u00edskanie odpustkov m\u00f4\u017eu vybra\u0165 z mo\u017enost\u00ed, ako s\u00fa: n\u00e1v\u0161teva Najsv\u00e4tej\u0161ej sviatosti \u010di eucharistick\u00e1 ador\u00e1cia alebo \u010d\u00edtanie Sv\u00e4t\u00e9ho p\u00edsma po dobu najmenej pol hodiny, pr\u00edpadne sa m\u00f4\u017eu pomodli\u0165 ru\u017eenec, Kr\u00ed\u017eov\u00fa cestu \u010di Korunku Bo\u017eieho milosrdenstva, prosiac Boha o skon\u010denie epid\u00e9mie, o \u00fa\u013eavu pre chor\u00fdch a o sp\u00e1su t\u00fdch, ktor\u00fdch si povolal k sebe.<\/p>\n<p>Plnomocn\u00e9 odpustky m\u00f4\u017ee z\u00edska\u0165 aj veriaci, ktor\u00fd sa v bezprostrednej bl\u00edzkosti smrti ocitne bez mo\u017enosti prija\u0165 sviatos\u0165 pomazania chor\u00fdch a viatikum \u2013 v tomto pr\u00edpade sa odpor\u00fa\u010da ucti\u0165 si Ukri\u017eovan\u00e9ho Je\u017ei\u0161a \u010di kr\u00ed\u017e.<\/p>\n<p>N\u00f3ta Apo\u0161tolskej penitenci\u00e1rie sa venuje mo\u017enosti udelenia kolekt\u00edvneho rozhre\u0161enia v pr\u00edpade z\u00e1va\u017enej n\u00fadze. K\u0148az m\u00e1 pod\u013ea mo\u017enost\u00ed vopred upovedomi\u0165 pr\u00edslu\u0161n\u00e9ho diec\u00e9zneho biskupa, ktor\u00e9mu prin\u00e1le\u017e\u00ed ur\u010di\u0165 terit\u00f3rium a pr\u00edpady vo vlastnej cirkevnej oblasti. N\u00f3ta tie\u017e pripom\u00edna mo\u017enos\u0165 dokonalej \u013e\u00fatosti, ako to uv\u00e1dza Katechizmus (\u010d. 1452), v pr\u00edpade, \u017ee umieraj\u00facemu nie je napor\u00fadzi k\u0148az.<\/p>\n<p><a href=\"https:\/\/www.tkkbs.sk\/view.php?cisloclanku=20200320036\">https:\/\/www.tkkbs.sk\/view.php?cisloclanku=20200320036<\/a><\/p>\n","protected":false},"excerpt":{"rendered":"<p>Vatik\u00e1n 20. febru\u00e1ra (RV) Apo\u0161tolsk\u00e1 penitenci\u00e1ria v piatok 20. marca vydala dekr\u00e9t, ktor\u00fdm Cirkev umo\u017e\u0148uje z\u00edskanie plnomocn\u00fdch odpustkov \u013eu\u010fom nakazen\u00fdm koronav\u00edrusom, t\u00fdm, ktor\u00ed ich o\u0161etruj\u00fa, ako aj v\u0161etk\u00fdm veriacim na svete, ktor\u00ed sa za nich modlia. Dnes bola z\u00e1rove\u0148 vydan\u00e1 &hellip; <a class=\"more-link\" href=\"http:\/\/www.uspenie.sk\/web\/?p=758\">\u010c\u00edtaj \u010falej&#8230;<\/a><\/p>\n","protected":false},"author":1,"featured_media":0,"comment_status":"closed","ping_status":"closed","sticky":false,"template":"","format":"standard","meta":{"footnotes":""},"categories":[4],"tags":[],"class_list":["post-758","post","type-post","status-publish","format-standard","hentry","category-co-sa-stalo"],"_links":{"self":[{"href":"http:\/\/www.uspenie.sk\/web\/index.php?rest_route=\/wp\/v2\/posts\/758","targetHints":{"allow":["GET"]}}],"collection":[{"href":"http:\/\/www.uspenie.sk\/web\/index.php?rest_route=\/wp\/v2\/posts"}],"about":[{"href":"http:\/\/www.uspenie.sk\/web\/index.php?rest_route=\/wp\/v2\/types\/post"}],"author":[{"embeddable":true,"href":"http:\/\/www.uspenie.sk\/web\/index.php?rest_route=\/wp\/v2\/users\/1"}],"replies":[{"embeddable":true,"href":"http:\/\/www.uspenie.sk\/web\/index.php?rest_route=%2Fwp%2Fv2%2Fcomments&post=758"}],"version-history":[{"count":1,"href":"http:\/\/www.uspenie.sk\/web\/index.php?rest_route=\/wp\/v2\/posts\/758\/revisions"}],"predecessor-version":[{"id":759,"href":"http:\/\/www.uspenie.sk\/web\/index.php?rest_route=\/wp\/v2\/posts\/758\/revisions\/759"}],"wp:attachment":[{"href":"http:\/\/www.uspenie.sk\/web\/index.php?rest_route=%2Fwp%2Fv2%2Fmedia&parent=758"}],"wp:term":[{"taxonomy":"category","embeddable":true,"href":"http:\/\/www.uspenie.sk\/web\/index.php?rest_route=%2Fwp%2Fv2%2Fcategories&post=758"},{"taxonomy":"post_tag","embeddable":true,"href":"http:\/\/www.uspenie.sk\/web\/index.php?rest_route=%2Fwp%2Fv2%2Ftags&post=758"}],"curies":[{"name":"wp","href":"https:\/\/api.w.org\/{rel}","templated":true}]}}