{"id":760,"date":"2020-03-25T16:33:53","date_gmt":"2020-03-25T15:33:53","guid":{"rendered":"http:\/\/www.uspenie.sk\/web\/?p=760"},"modified":"2020-03-25T16:36:44","modified_gmt":"2020-03-25T15:36:44","slug":"v-nudzi-bez-spovednika","status":"publish","type":"post","link":"http:\/\/www.uspenie.sk\/web\/?p=760","title":{"rendered":"V n\u00fadzi bez spovedn\u00edka\u2026"},"content":{"rendered":"<header id=\"fancy-header\" class=\"fancy-header title-center fancy-parallax-bg parallax-bg-done\" data-prlx-speed=\"0.6\">\n<div class=\"wf-wrap\">\u00a0&#8211; zo str\u00e1nky otcov kapuc\u00ednov \/ link je ni\u017e\u0161ie \/<\/div>\n<\/header>\n<div id=\"main\" class=\"sidebar-right sidebar-divider-vertical\">\n<div class=\"wf-wrap\">\n<div class=\"wf-container-main\">\n<div id=\"content\" class=\"content\" role=\"main\">\n<article id=\"post-6839\" class=\"post-6839 post type-post status-publish format-standard has-post-thumbnail category-zilina category-26 description-off\">\n<div class=\"entry-content\">\n<div class=\"vc_row wpb_row vc_row-fluid dt-default\">\n<div class=\"wpb_column vc_column_container vc_col-sm-12\">\n<div class=\"vc_column-inner \">\n<div class=\"wpb_wrapper\">\n<div class=\"wpb_text_column wpb_content_element \">\n<div class=\"wpb_wrapper\">\n<p>Nako\u013eko chceme re\u0161pektova\u0165 nariadenia na ochranu pred n\u00e1kazou koronav\u00edrusu, ktor\u00e9 n\u00e1s vyz\u00fdvaj\u00fa k\u00a0obmedzeniu pohybu na verejnosti, rozhodli sme sa, \u017ee sviatos\u0165 zmierenia budeme vysluhova\u0165 len v\u00a0pr\u00edpade ohrozenia \u017eivota. Prijmite nasleduj\u00faci text ako sa stretn\u00fa\u0165 s\u00a0L\u00e1skou Milosrdn\u00e9ho Otca v\u00a0inej forme ako je sviatos\u0165 zmierenia<\/p>\n<p>P\u00e1pe\u017e: V n\u00fadzi bez spovedn\u00edka si vzbu\u010fme dokonal\u00fa \u013e\u00fatos\u0165<\/p>\n<p>Ako sa zmieri\u0165 s Bohom v \u010dase, ke\u010f nem\u00e1me mo\u017enos\u0165 prist\u00fapi\u0165 k sviatostnej spovedi? Na t\u00fato ot\u00e1zku dal v piatok 20. marca odpove\u010f p\u00e1pe\u017e Franti\u0161ek pri rannej hom\u00edlii v Dome sv. Marty. Veriacim pripomenul u\u010denie Katechizmu Katol\u00edckej cirkvi o sile dokonalej \u013e\u00fatosti.<\/p>\n<p>Salus animarum\u00a0\u2013 sp\u00e1sa du\u0161\u00ed \u2013 je najvy\u0161\u0161\u00edm z\u00e1konom Cirkvi. V\u00a0t\u00fdchto \u010dasoch pohotovosti pand\u00e9mie, s \u0165a\u017eko chor\u00fdmi izolovan\u00fdmi na oddeleniach intenz\u00edvnej starostlivosti, ako aj s rodinami, ktor\u00e9 musia zosta\u0165 doma v\u00a0karant\u00e9ne na zabr\u00e1nenie \u0161\u00edreniu v\u00edrusu, je u\u017eito\u010dn\u00e9 pripomen\u00fa\u0165 si bohatstvo katol\u00edckej trad\u00edcie.<\/p>\n<p>\u201eViem, \u017ee mnoh\u00ed z\u00a0v\u00e1s na Ve\u013ek\u00fa noc chod\u00edte na spove\u010f,\u00a0aby ste sa znovu stretli s\u00a0Bohom.\u00a0Mnoh\u00ed mi v\u0161ak dnes povedia: \u201eAle ot\u010de, kde m\u00f4\u017eem n\u00e1js\u0165 k\u0148aza, spovedn\u00edka, ve\u010f sa nem\u00f4\u017ee vych\u00e1dza\u0165 z\u00a0domu?\u00a0Ja sa v\u0161ak chcem zmieri\u0165 s\u00a0P\u00e1nom, chcem, aby ma objal, aby ma objal ako Otec\u2026 \u010co m\u00e1m robi\u0165, ak nenach\u00e1dzam k\u0148aza?\u201c \u2013 Rob to, \u010do hovor\u00ed Katechizmus. Je to ve\u013emi jasn\u00e9:<\/p>\n<p>Ak nen\u00e1jde\u0161 k\u0148aza, aby si sa vyspovedal, hovor k\u00a0Bohu, tvojmu Otcovi a\u00a0povedz mu pravdu: \u201ePane, vyviedol som toto, toto a\u00a0toto\u2026 Prep\u00e1\u010d mi\u201c a\u00a0pros o\u00a0odpustenie s\u00a0cel\u00fdm srdcom, so skutkom\u00a0\u013e\u00fatosti a\u00a0s\u013e\u00fab mu: \u201eNesk\u00f4r sa vyspoved\u00e1m, no teraz mi odpus\u0165\u201c. A\u00a0v tej chv\u00edli sa vracia\u0161 do\u00a0Bo\u017eej milosti.<\/p>\n<p>Ako n\u00e1s to u\u010d\u00ed Katechizmus, ty s\u00e1m m\u00f4\u017ee\u0161 prist\u00fapi\u0165 k prijatiu Bo\u017eieho odpustenia, ke\u010f nem\u00e1\u0161 po ruke k\u0148aza. Pomyslite: teraz je t\u00e1 chv\u00ed\u013ea! A\u00a0toto je ten spr\u00e1vny moment, vhodn\u00fd okamih. Dobre si vykonajme \u00fakon \u013e\u00fatosti, a\u00a0takto sa na\u0161a du\u0161a stane bielou ako sneh.\u201c<\/p>\n<p>Sv\u00e4t\u00fd Otec sa odvol\u00e1va na pr\u00edslu\u0161n\u00e9 \u010dl\u00e1nky Katechizmu Katol\u00edckej cirkvi: \u201eMedzi \u00fakonmi kaj\u00facnika je na prvom mieste \u013e\u00fatos\u0165. Je to \u00abboles\u0165 du\u0161e nad sp\u00e1chan\u00fdm hriechom\u00a0a\u00a0jeho zavrhnutie s\u00a0predsavzat\u00edm viac nehre\u0161i\u0165\u00bb (KKC 1451). Katechizmus tu cituje Tridentsk\u00fd koncil. \u010ealej hovor\u00ed o\u00a0\u00fa\u010dinkoch dokonalej \u013e\u00fatosti:<\/p>\n<p>\u201eKe\u010f \u013e\u00fatos\u0165 poch\u00e1dza z l\u00e1sky k Bohu milovan\u00e9mu nadov\u0161etko, vol\u00e1 sa \u201edokonal\u00e1\u201c (je to \u013e\u00fatos\u0165 z l\u00e1sky \u2013\u00a0caritatis contritio). Tak\u00e1to \u013e\u00fatos\u0165 odp\u00fa\u0161\u0165a v\u0161edn\u00e9 hriechy; dosiahne aj odpustenie smrte\u013en\u00fdch hriechov, ak zah\u0155\u0148a pevn\u00e9 predsavzatie prist\u00fapi\u0165 k sviatostnej spovedi, len \u010do to bude mo\u017en\u00e9\u201c (KKC 1452).<\/p>\n<p>To znamen\u00e1, \u017ee hoci e\u0161te len \u010dak\u00e1me na najbli\u017e\u0161iu mo\u017enos\u0165 prija\u0165 rozhre\u0161enie od k\u0148aza, \u00fakonom dokonalej \u013e\u00fatosti sa n\u00e1m u\u017e v\u00a0tej chv\u00edli dost\u00e1va odpustenie. Potvrdil to u\u017e Tridentsk\u00fd koncil, ktor\u00fd uv\u00e1dza, \u017ee \u013e\u00fatos\u0165 sprev\u00e1dzan\u00e1 predsavzat\u00edm vyspoveda\u0165 sa \u201ezmieruje \u010dloveka s\u00a0Bohom u\u017e prv ne\u017e re\u00e1lne t\u00fato sviatos\u0165 prijme\u201c (Doctrina de sacramento Paenitentiae,\u00a04. kap.).<\/p>\n<p>Taktie\u017e V\u00e1m chceme pripomen\u00fa\u0165, \u017ee\u00a0Apo\u0161tolsk\u00e1 penitenci\u00e1ria v piatok 20. marca vydala dekr\u00e9t, ktor\u00fdm Cirkev umo\u017e\u0148uje z\u00edskanie plnomocn\u00fdch odpustkov \u013eu\u010fom nakazen\u00fdm koronav\u00edrusom, t\u00fdm, ktor\u00ed ich o\u0161etruj\u00fa, ako aj v\u0161etk\u00fdm veriacim na svete, ktor\u00ed sa za nich modlia.<\/p>\n<p>T\u00ed najviac ohrozen\u00ed m\u00f4\u017eu z\u00edska\u0165 plnomocn\u00e9 odpustky u\u017e po modlitbe Kr\u00e9da, Ot\u010den\u00e1\u0161a a Zdravasu v spojen\u00ed s t\u00fa\u017ebou po splnen\u00ed obvykl\u00fdch podmienok z\u00edskania odpustkov hne\u010f ako to len bude mo\u017en\u00e9. T\u00fdka sa to chor\u00fdch na koronav\u00edrus, os\u00f4b, ktor\u00fdm lek\u00e1r nariadil karant\u00e9nny re\u017eim, ako aj zdravotn\u00edckych pracovn\u00edkov a rodinn\u00fdch pr\u00edslu\u0161n\u00edkov, ktor\u00ed riskuj\u00fa svoj \u017eivot t\u00fdm, \u017ee sa staraj\u00fa o chor\u00fdch na Covid-19.<\/p>\n<p>Ostatn\u00ed si pre z\u00edskanie odpustkov m\u00f4\u017eu vybra\u0165 z mo\u017enost\u00ed, ako s\u00fa: n\u00e1v\u0161teva Najsv\u00e4tej\u0161ej sviatosti \u010di eucharistick\u00e1 ador\u00e1cia alebo \u010d\u00edtanie Sv\u00e4t\u00e9ho p\u00edsma po dobu najmenej pol hodiny, pr\u00edpadne sa m\u00f4\u017eu pomodli\u0165 ru\u017eenec, Kr\u00ed\u017eov\u00fa cestu \u010di Korunku Bo\u017eieho milosrdenstva, prosiac Boha o skon\u010denie epid\u00e9mie, o \u00fa\u013eavu pre chor\u00fdch a o sp\u00e1su t\u00fdch, ktor\u00fdch si povolal k sebe.<\/p>\n<p>Plnomocn\u00e9 odpustky m\u00f4\u017ee z\u00edska\u0165 aj veriaci, ktor\u00fd sa v bezprostrednej bl\u00edzkosti smrti ocitne bez mo\u017enosti prija\u0165 sviatos\u0165 pomazania chor\u00fdch a viatikum \u2013 v tomto pr\u00edpade sa odpor\u00fa\u010da ucti\u0165 si Ukri\u017eovan\u00e9ho Je\u017ei\u0161a \u010di kr\u00ed\u017e.<\/p>\n<p>&#8211;<\/p>\n<p><a href=\"https:\/\/kapucini.sk\/2020\/03\/25\/v-nudzi-bez-spovednika\/\">https:\/\/kapucini.sk\/2020\/03\/25\/v-nudzi-bez-spovednika\/<\/a><\/p>\n<\/div>\n<\/div>\n<\/div>\n<\/div>\n<\/div>\n<\/div>\n<\/div>\n<\/article>\n<\/div>\n<\/div>\n<\/div>\n<\/div>\n","protected":false},"excerpt":{"rendered":"<p>\u00a0&#8211; zo str\u00e1nky otcov kapuc\u00ednov \/ link je ni\u017e\u0161ie \/ Nako\u013eko chceme re\u0161pektova\u0165 nariadenia na ochranu pred n\u00e1kazou koronav\u00edrusu, ktor\u00e9 n\u00e1s vyz\u00fdvaj\u00fa k\u00a0obmedzeniu pohybu na verejnosti, rozhodli sme sa, \u017ee sviatos\u0165 zmierenia budeme vysluhova\u0165 len v\u00a0pr\u00edpade ohrozenia \u017eivota. Prijmite nasleduj\u00faci &hellip; <a class=\"more-link\" href=\"http:\/\/www.uspenie.sk\/web\/?p=760\">\u010c\u00edtaj \u010falej&#8230;<\/a><\/p>\n","protected":false},"author":1,"featured_media":0,"comment_status":"closed","ping_status":"closed","sticky":false,"template":"","format":"standard","meta":{"footnotes":""},"categories":[4],"tags":[],"class_list":["post-760","post","type-post","status-publish","format-standard","hentry","category-co-sa-stalo"],"_links":{"self":[{"href":"http:\/\/www.uspenie.sk\/web\/index.php?rest_route=\/wp\/v2\/posts\/760","targetHints":{"allow":["GET"]}}],"collection":[{"href":"http:\/\/www.uspenie.sk\/web\/index.php?rest_route=\/wp\/v2\/posts"}],"about":[{"href":"http:\/\/www.uspenie.sk\/web\/index.php?rest_route=\/wp\/v2\/types\/post"}],"author":[{"embeddable":true,"href":"http:\/\/www.uspenie.sk\/web\/index.php?rest_route=\/wp\/v2\/users\/1"}],"replies":[{"embeddable":true,"href":"http:\/\/www.uspenie.sk\/web\/index.php?rest_route=%2Fwp%2Fv2%2Fcomments&post=760"}],"version-history":[{"count":2,"href":"http:\/\/www.uspenie.sk\/web\/index.php?rest_route=\/wp\/v2\/posts\/760\/revisions"}],"predecessor-version":[{"id":762,"href":"http:\/\/www.uspenie.sk\/web\/index.php?rest_route=\/wp\/v2\/posts\/760\/revisions\/762"}],"wp:attachment":[{"href":"http:\/\/www.uspenie.sk\/web\/index.php?rest_route=%2Fwp%2Fv2%2Fmedia&parent=760"}],"wp:term":[{"taxonomy":"category","embeddable":true,"href":"http:\/\/www.uspenie.sk\/web\/index.php?rest_route=%2Fwp%2Fv2%2Fcategories&post=760"},{"taxonomy":"post_tag","embeddable":true,"href":"http:\/\/www.uspenie.sk\/web\/index.php?rest_route=%2Fwp%2Fv2%2Ftags&post=760"}],"curies":[{"name":"wp","href":"https:\/\/api.w.org\/{rel}","templated":true}]}}